{"id":201,"date":"2014-11-19T10:57:52","date_gmt":"2014-11-19T08:57:52","guid":{"rendered":"https:\/\/blogs.atd-quartmonde.org\/humanrights\/?p=201"},"modified":"2015-02-18T10:12:41","modified_gmt":"2015-02-18T08:12:41","slug":"charte-sociale-europeenne-le-comite-europeen-des-droits-sociaux-condamne-les-pays-bas-pour-violation-des-droits-de-sans-papiers-et-de-sans-abris","status":"publish","type":"post","link":"https:\/\/blogs.atd-quartmonde.org\/humanrights\/2014\/11\/19\/charte-sociale-europeenne-le-comite-europeen-des-droits-sociaux-condamne-les-pays-bas-pour-violation-des-droits-de-sans-papiers-et-de-sans-abris\/","title":{"rendered":"Charte sociale europ\u00e9enne : le Comit\u00e9 europ\u00e9en des droits sociaux condamne les Pays-Bas pour violation des droits de sans papier et de sans abri."},"content":{"rendered":"<p>Le Comit\u00e9 europ\u00e9en des droits sociaux a condamn\u00e9, pour violation de la Charte sociale europ\u00e9enne, les Pays-Bas, le 10 novembre, suite aux r\u00e9clamations collectives de la CEC (Conf\u00e9rence des \u00e9glises europ\u00e9ennes, protestantes, n\u00b0 <a href=\"http:\/\/www.coe.int\/t\/dghl\/monitoring\/socialcharter\/Complaints\/CC90Merits_en.pdf\" target=\"_blank\">90\/2013<\/a>) et de la FEANTSA (F\u00e9d\u00e9ration europ\u00e9enne des associations travaillant avec les sans-abris, n\u00b0 <a href=\"http:\/\/www.coe.int\/t\/dghl\/monitoring\/socialcharter\/Complaints\/CC86Merits_en.pdf\" target=\"_blank\">86\/2012<\/a>).<\/p>\n<p>Sur la r\u00e9clamation de la <a href=\"http:\/\/www.ceceurope.org\/news\/news\/?tx_ttnews[tt_news]=505&amp;tx_ttnews[backPid]=17&amp;cHash=83c587c552161b864468afc5deb28861\" target=\"_blank\">CEC<\/a>, qui concernait les droits d&rsquo;adultes sans papier \u00e0 de la nourriture, \u00e0 des v\u00eatements et \u00e0 un logement, le CEDS a d\u00e9cid\u00e9 son bien-fond\u00e9 pour violation de l&rsquo;article 13 \u00a7 4 de la Charte (droit \u00e0 l&rsquo;assistance sociale et m\u00e9dicale) et 31 \u00a7 2 (droit au logement pour les sans abri).<\/p>\n<p>Quant \u00e0 la r\u00e9clamation de la \u00ab\u00a0<a href=\"http:\/\/www.feantsa.org\/spip.php?action=acceder_document&amp;arg=2284&amp;cle=2fea34b22021f1c4c399f822d5a8f1e86e1ef71d&amp;file=pdf%2F2014-11-10_nl_coll_com_decision_press_release__feantsa-2.pdf\" target=\"_blank\">Feantsa<\/a>\u00a0\u00bb qui concerne l&rsquo;h\u00e9bergement des sans abri, le CEDS a d\u00e9cid\u00e9 son bien-fond\u00e9 pour violation des articles 31\u00a72 (droit au logement pour les sans abri), 13 (droit \u00e0 l&rsquo;assistance sociale et m\u00e9dicale) \u00a7\u00a71 et 4, 19\u00a74(c) (droit des travailleurs migrants au logement) et 30 (droit \u00e0 la protection contre la pauvret\u00e9 et l&rsquo;exclusion sociale) de la Charte. A propos de ce dernier article, la d\u00e9cision se r\u00e9f\u00e8re \u00e0 sa d\u00e9cision sur la r\u00e9clamation d&rsquo;ATD Quart Monde (<a href=\"https:\/\/wcd.coe.int\/ViewDoc.jsp?Ref=CM\/ResChS%282008%297&amp;Language=lanEnglish&amp;Ver=original&amp;Site=CM&amp;BackColorInternet=C3C3C3&amp;BackColorIntranet=EDB021&amp;BackColorLogged=F5D383\" target=\"_blank\">33\/2006<\/a>), en rappelant notamment que le fait de vivre en situation de pauvret\u00e9 et d&rsquo;exclusion sociale porte atteinte \u00e0 la dignit\u00e9 humaine. Elle rappelle aussi que l&rsquo;article 30 ne s&rsquo;applique pas aux migrants en situation irr\u00e9guli\u00e8re (annexe de la Charte, sur les personnes prot\u00e9g\u00e9es), tout en formulant une position plus nuanc\u00e9e pour l&rsquo;art.31 \u00a72 (points 58,59 et 61).<br \/>\nA noter que pour ces deux r\u00e9clamations le CEDS avait accord\u00e9 des mesures imm\u00e9diates le 25 octobre 2013, d\u00e9cisions plut\u00f4t exceptionnelles.<\/p>\n","protected":false},"excerpt":{"rendered":"<p>Le Comit\u00e9 europ\u00e9en des droits sociaux a condamn\u00e9, pour violation de la Charte sociale europ\u00e9enne, les Pays-Bas, le 10 novembre, suite aux r\u00e9clamations collectives de la CEC (Conf\u00e9rence des \u00e9glises europ\u00e9ennes, protestantes, n\u00b0 90\/2013) et de la FEANTSA (F\u00e9d\u00e9ration europ\u00e9enne &hellip; <a href=\"https:\/\/blogs.atd-quartmonde.org\/humanrights\/2014\/11\/19\/charte-sociale-europeenne-le-comite-europeen-des-droits-sociaux-condamne-les-pays-bas-pour-violation-des-droits-de-sans-papiers-et-de-sans-abris\/\">Continuer la lecture <span class=\"meta-nav\">&rarr;<\/span><\/a><\/p>\n","protected":false},"author":2,"featured_media":0,"comment_status":"open","ping_status":"open","sticky":false,"template":"","format":"standard","meta":{"footnotes":""},"categories":[64,57],"tags":[115,116,48,91,85,80,81],"class_list":["post-201","post","type-post","status-publish","format-standard","hentry","category-francais","category-reclamation-collective","tag-assistance-sociale-et-medicale","tag-dignite","tag-logement-2","tag-migrant","tag-nederland","tag-sans-abri","tag-sans-papier"],"_links":{"self":[{"href":"https:\/\/blogs.atd-quartmonde.org\/humanrights\/wp-json\/wp\/v2\/posts\/201","targetHints":{"allow":["GET"]}}],"collection":[{"href":"https:\/\/blogs.atd-quartmonde.org\/humanrights\/wp-json\/wp\/v2\/posts"}],"about":[{"href":"https:\/\/blogs.atd-quartmonde.org\/humanrights\/wp-json\/wp\/v2\/types\/post"}],"author":[{"embeddable":true,"href":"https:\/\/blogs.atd-quartmonde.org\/humanrights\/wp-json\/wp\/v2\/users\/2"}],"replies":[{"embeddable":true,"href":"https:\/\/blogs.atd-quartmonde.org\/humanrights\/wp-json\/wp\/v2\/comments?post=201"}],"version-history":[{"count":3,"href":"https:\/\/blogs.atd-quartmonde.org\/humanrights\/wp-json\/wp\/v2\/posts\/201\/revisions"}],"predecessor-version":[{"id":269,"href":"https:\/\/blogs.atd-quartmonde.org\/humanrights\/wp-json\/wp\/v2\/posts\/201\/revisions\/269"}],"wp:attachment":[{"href":"https:\/\/blogs.atd-quartmonde.org\/humanrights\/wp-json\/wp\/v2\/media?parent=201"}],"wp:term":[{"taxonomy":"category","embeddable":true,"href":"https:\/\/blogs.atd-quartmonde.org\/humanrights\/wp-json\/wp\/v2\/categories?post=201"},{"taxonomy":"post_tag","embeddable":true,"href":"https:\/\/blogs.atd-quartmonde.org\/humanrights\/wp-json\/wp\/v2\/tags?post=201"}],"curies":[{"name":"wp","href":"https:\/\/api.w.org\/{rel}","templated":true}]}}