{"id":499,"date":"2016-06-30T11:30:45","date_gmt":"2016-06-30T09:30:45","guid":{"rendered":"https:\/\/blogs.atd-quartmonde.org\/humanrights\/?p=499"},"modified":"2018-04-19T11:38:59","modified_gmt":"2018-04-19T09:38:59","slug":"la-precarite-sociale-devient-le-21eme-critere-de-discrimination-france","status":"publish","type":"post","link":"https:\/\/blogs.atd-quartmonde.org\/humanrights\/2016\/06\/30\/la-precarite-sociale-devient-le-21eme-critere-de-discrimination-france\/","title":{"rendered":"La pr\u00e9carit\u00e9 sociale devient le 21\u00e8me crit\u00e8re de discrimination (France)"},"content":{"rendered":"<p style=\"text-align: right;\"><a href=\"https:\/\/www.atd-quartmonde.fr\/la-precarite-sociale-devient-le-21eme-critere-de-discrimination\/\" target=\"_blank\" rel=\"noopener\">ATD Quart Monde France<\/a><\/p>\n<p><em>(extrait d&rsquo;un article d&rsquo;ATD Quart Monde France)<\/em><\/p>\n<p>Le 14 juin 2016, l\u2019Assembl\u00e9e nationale a vot\u00e9 la proposition de loi instaurant un 21\u00e8 crit\u00e8re de discrimination, la discrimination pour \u00ab particuli\u00e8re vuln\u00e9rabilit\u00e9 r\u00e9sultant de leur situation \u00e9conomique, apparente ou connue de son auteur \u00bb. Le texte adopt\u00e9 est identique \u00e0 celui vot\u00e9 \u00e0 l\u2019unanimit\u00e9 en juin 2015 par le S\u00e9nat.<br \/>\nUne discrimination m\u00e9connue<\/p>\n<p>La pauvret\u00e9 est souvent vue comme un facteur d\u2019injustice, mais la discrimination qu\u2019elle engendre est plus m\u00e9connue. Pourtant, nombreux sont les droits bafou\u00e9s par peur des personnes pauvres ou par pr\u00e9somption d\u2019incapacit\u00e9 : refus d\u2019acc\u00e8s aux soins pour les b\u00e9n\u00e9ficiaires de la CMU, refus de location alors que le loyer serait couvert par les aides au logement, discrimination \u00e0 l\u2019embauche pour les personnes dont le CV montre qu\u2019elles sont pass\u00e9es par un centre d\u2019h\u00e9bergement ou une entreprise d\u2019insertion, refus de construire des logements sociaux\u2026<\/p>\n<p>L\u2019image n\u00e9gative qu\u2019elle engendre est \u00e0 l\u2019origine de nombreux non recours aux droits. Nous le constatons tous les jours sur le terrain.<\/p>\n<p>(voir aussi les articles sur ce th\u00e8me sur le site web d&rsquo;ATD Quart Monde France : <a href=\"https:\/\/www.atd-quartmonde.fr\/?s=discrimination\" target=\"_blank\" rel=\"noopener\">lien<\/a>)<br \/>\n(texte de loi : <a href=\"https:\/\/www.legifrance.gouv.fr\/eli\/loi\/2016\/6\/24\/AFSX1514889L\/jo\/texte\" target=\"_blank\" rel=\"noopener\">legifrance<\/a>)<\/p>\n","protected":false},"excerpt":{"rendered":"<p>ATD Quart Monde France (extrait d&rsquo;un article d&rsquo;ATD Quart Monde France) Le 14 juin 2016, l\u2019Assembl\u00e9e nationale a vot\u00e9 la proposition de loi instaurant un 21\u00e8 crit\u00e8re de discrimination, la discrimination pour \u00ab particuli\u00e8re vuln\u00e9rabilit\u00e9 r\u00e9sultant de leur situation \u00e9conomique, &hellip; <a href=\"https:\/\/blogs.atd-quartmonde.org\/humanrights\/2016\/06\/30\/la-precarite-sociale-devient-le-21eme-critere-de-discrimination-france\/\">Continuer la lecture <span class=\"meta-nav\">&rarr;<\/span><\/a><\/p>\n","protected":false},"author":2,"featured_media":0,"comment_status":"open","ping_status":"open","sticky":false,"template":"","format":"standard","meta":{"footnotes":""},"categories":[58,64],"tags":[46,59,39,165],"class_list":["post-499","post","type-post","status-publish","format-standard","hentry","category-discrimination-nat","category-francais","tag-acces-aux-droits","tag-discrimination","tag-france","tag-loi"],"_links":{"self":[{"href":"https:\/\/blogs.atd-quartmonde.org\/humanrights\/wp-json\/wp\/v2\/posts\/499","targetHints":{"allow":["GET"]}}],"collection":[{"href":"https:\/\/blogs.atd-quartmonde.org\/humanrights\/wp-json\/wp\/v2\/posts"}],"about":[{"href":"https:\/\/blogs.atd-quartmonde.org\/humanrights\/wp-json\/wp\/v2\/types\/post"}],"author":[{"embeddable":true,"href":"https:\/\/blogs.atd-quartmonde.org\/humanrights\/wp-json\/wp\/v2\/users\/2"}],"replies":[{"embeddable":true,"href":"https:\/\/blogs.atd-quartmonde.org\/humanrights\/wp-json\/wp\/v2\/comments?post=499"}],"version-history":[{"count":1,"href":"https:\/\/blogs.atd-quartmonde.org\/humanrights\/wp-json\/wp\/v2\/posts\/499\/revisions"}],"predecessor-version":[{"id":500,"href":"https:\/\/blogs.atd-quartmonde.org\/humanrights\/wp-json\/wp\/v2\/posts\/499\/revisions\/500"}],"wp:attachment":[{"href":"https:\/\/blogs.atd-quartmonde.org\/humanrights\/wp-json\/wp\/v2\/media?parent=499"}],"wp:term":[{"taxonomy":"category","embeddable":true,"href":"https:\/\/blogs.atd-quartmonde.org\/humanrights\/wp-json\/wp\/v2\/categories?post=499"},{"taxonomy":"post_tag","embeddable":true,"href":"https:\/\/blogs.atd-quartmonde.org\/humanrights\/wp-json\/wp\/v2\/tags?post=499"}],"curies":[{"name":"wp","href":"https:\/\/api.w.org\/{rel}","templated":true}]}}