{"id":55,"date":"2014-05-19T17:52:43","date_gmt":"2014-05-19T17:52:43","guid":{"rendered":"https:\/\/blogs.atd-quartmonde.org\/humanrights\/?p=55"},"modified":"2014-06-10T21:05:48","modified_gmt":"2014-06-10T19:05:48","slug":"le-droit-dhabiter-quelque-part","status":"publish","type":"post","link":"https:\/\/blogs.atd-quartmonde.org\/humanrights\/2014\/05\/19\/le-droit-dhabiter-quelque-part\/","title":{"rendered":"Le droit d\u2019habiter quelque part"},"content":{"rendered":"<p style=\"text-align: right;\"><a href=\"http:\/\/www.editionsquartmonde.org\/rqm\/document.php?id=2389\" target=\"_blank\"><span style=\"font-size: 10pt;\">Revue Quart Monde<\/span><\/a><\/p>\n<p>Pourquoi le Mouvement international ATD Quart Monde s\u2019est-il saisi, en 2006, de l\u2019instrument de la r\u00e9clamation collective aupr\u00e8s du Conseil de l\u2019Europe ? Avec deux militantes de ce mouvement, Sandrine Plumerez et Martine Payen, Agn\u00e8s Dumas s\u2019en est expliqu\u00e9 devant des d\u00e9fenseurs des droits de l\u2019homme r\u00e9unis en forum \u00e0 Nantes en juillet 2008. (&#8230;)<\/p>\n<p class=\"texte\" dir=\"ltr\" lang=\"fr-FR\"><span class=\"lettrine\">L<\/span>a r\u00e9clamation collective d\u00e9pos\u00e9e par le Mouvement ATD Quart Monde avait pour objet de faire constater la non-application par la France des engagements \u00e9nonc\u00e9s aux articles 16, 30 et 31, lus en combinaison avec l\u2019article E, partie V, de la Charte sociale europ\u00e9enne r\u00e9vis\u00e9e concernant le droit au logement des personnes vivant dans une situation de grande pauvret\u00e9. Il s\u2019agit de :<\/p>\n<ul>\n<li>l\u2019article 16 : droit de la famille \u00e0 une protection sociale, juridique et \u00e9conomique ;<\/li>\n<li>l\u2019article 30 : toute personne a droit \u00e0 la protection contre la pauvret\u00e9 et l\u2019exclusion sociale ;<\/li>\n<li>l\u2019article 31: toute personne a droit au logement ;<\/li>\n<li>et de l\u2019article E, partie V : principe de non-discrimination.<\/li>\n<\/ul>\n<hr \/>\n<p>&nbsp;<\/p>\n<p><em>Documents<\/em><\/p>\n<p><span style=\"font-size: 10pt;\"><a href=\"http:\/\/www.coe.int\/t\/dghl\/monitoring\/socialcharter\/Complaints\/CC33CaseDoc1_fr.pdf\" target=\"_blank\">Pi\u00e8ce n\u00b0 1, R\u00e9clamation enregistr\u00e9e au Secr\u00e9tariat le 1 f\u00e9vrier 2006<\/a><\/span><br \/>\n<span style=\"font-size: 10pt;\"><a href=\"http:\/\/www.coe.int\/t\/dghl\/monitoring\/socialcharter\/Complaints\/CC33CaseDoc2_fr.pdf\" target=\"_blank\">Pi\u00e8ce n\u00b0 2, Observations du Gouvernement fran\u00e7ais sur la recevabilit\u00e9<\/a><\/span><br \/>\n<span style=\"font-size: 10pt;\"><a href=\"http:\/\/www.coe.int\/t\/dghl\/monitoring\/socialcharter\/Complaints\/CC33CaseDoc3_fr.pdf\" target=\"_blank\">Pi\u00e8ce n\u00b0 3, Observations de la Conf\u00e9d\u00e9ration europ\u00e9enne des Syndicats (CES) sur le bien-fond\u00e9<\/a><\/span><br \/>\n<span style=\"font-size: 10pt;\"><a href=\"http:\/\/www.coe.int\/t\/dghl\/monitoring\/socialcharter\/Complaints\/CC33CaseDoc4_fr.pdf\" target=\"_blank\">Pi\u00e8ce n\u00b0 4, M\u00e9moire du Gouvernement sur le bien-fond\u00e9<\/a><\/span><br \/>\n<span style=\"font-size: 10pt;\"><a href=\"http:\/\/www.coe.int\/t\/dghl\/monitoring\/socialcharter\/Complaints\/CC33Admiss_fr.pdf\" target=\"_blank\">Pi\u00e8ce n\u00b0 5, M\u00e9moire du Mouvement International ATD Quart-Monde en r\u00e9ponse au m\u00e9moire du Gouvernement<br \/>\nLe Comit\u00e9 europ\u00e9en des Droits sociaux a d\u00e9clar\u00e9 la r\u00e9clamation recevable le 12 juin 2006 <\/a>(pdf)<\/span><br \/>\n<span style=\"font-size: 10pt;\"><a href=\"http:\/\/www.coe.int\/t\/dghl\/monitoring\/socialcharter\/Complaints\/CC33Merits_fr.pdf\" target=\"_blank\">Le Comit\u00e9 europ\u00e9en des Droits sociaux a conclu \u00e0 la violation des Articles 30 (seul et en combinaison avec l\u2019Article E), 31\u00a7\u00a71 et 2 et 31\u00a7\u00a73 en combinaison avec l\u2019Article E de la Charte sociale europ\u00e9enne r\u00e9vis\u00e9e, et a transmis son rapport contenant sa d\u00e9cision sur le bien-fond\u00e9 de la r\u00e9clamation aux parties et au Comit\u00e9 des Ministres le 4 f\u00e9vrier 2008 <\/a>(pdf)<\/span><br \/>\n<span style=\"font-size: 10pt;\"><a href=\"https:\/\/wcd.coe.int\/ViewDoc.jsp?Ref=CM\/ResChS(2008)7&amp;Language=lanFrench&amp;Ver=original&amp;Site=CM&amp;BackColorInternet=C3C3C3&amp;BackColorIntranet=EDB021&amp;BackColorLogged=F5D383\" target=\"_blank\">Le Comit\u00e9 des Ministres <b>a adopt\u00e9 R\u00e9solution Res ChS (2008)7 <\/b>le 2 juillet 2008 <\/a><\/span><\/p>\n","protected":false},"excerpt":{"rendered":"<p>Revue Quart Monde Pourquoi le Mouvement international ATD Quart Monde s\u2019est-il saisi, en 2006, de l\u2019instrument de la r\u00e9clamation collective aupr\u00e8s du Conseil de l\u2019Europe ? Avec deux militantes de ce mouvement, Sandrine Plumerez et Martine Payen, Agn\u00e8s Dumas s\u2019en &hellip; <a href=\"https:\/\/blogs.atd-quartmonde.org\/humanrights\/2014\/05\/19\/le-droit-dhabiter-quelque-part\/\">Continuer la lecture <span class=\"meta-nav\">&rarr;<\/span><\/a><\/p>\n","protected":false},"author":2,"featured_media":0,"comment_status":"open","ping_status":"open","sticky":false,"template":"","format":"standard","meta":{"footnotes":""},"categories":[64,57],"tags":[39,48],"class_list":["post-55","post","type-post","status-publish","format-standard","hentry","category-francais","category-reclamation-collective","tag-france","tag-logement-2"],"_links":{"self":[{"href":"https:\/\/blogs.atd-quartmonde.org\/humanrights\/wp-json\/wp\/v2\/posts\/55","targetHints":{"allow":["GET"]}}],"collection":[{"href":"https:\/\/blogs.atd-quartmonde.org\/humanrights\/wp-json\/wp\/v2\/posts"}],"about":[{"href":"https:\/\/blogs.atd-quartmonde.org\/humanrights\/wp-json\/wp\/v2\/types\/post"}],"author":[{"embeddable":true,"href":"https:\/\/blogs.atd-quartmonde.org\/humanrights\/wp-json\/wp\/v2\/users\/2"}],"replies":[{"embeddable":true,"href":"https:\/\/blogs.atd-quartmonde.org\/humanrights\/wp-json\/wp\/v2\/comments?post=55"}],"version-history":[{"count":2,"href":"https:\/\/blogs.atd-quartmonde.org\/humanrights\/wp-json\/wp\/v2\/posts\/55\/revisions"}],"predecessor-version":[{"id":89,"href":"https:\/\/blogs.atd-quartmonde.org\/humanrights\/wp-json\/wp\/v2\/posts\/55\/revisions\/89"}],"wp:attachment":[{"href":"https:\/\/blogs.atd-quartmonde.org\/humanrights\/wp-json\/wp\/v2\/media?parent=55"}],"wp:term":[{"taxonomy":"category","embeddable":true,"href":"https:\/\/blogs.atd-quartmonde.org\/humanrights\/wp-json\/wp\/v2\/categories?post=55"},{"taxonomy":"post_tag","embeddable":true,"href":"https:\/\/blogs.atd-quartmonde.org\/humanrights\/wp-json\/wp\/v2\/tags?post=55"}],"curies":[{"name":"wp","href":"https:\/\/api.w.org\/{rel}","templated":true}]}}