{"id":67,"date":"2014-05-19T21:33:39","date_gmt":"2014-05-19T19:33:39","guid":{"rendered":"https:\/\/blogs.atd-quartmonde.org\/humanrights\/?p=67"},"modified":"2015-11-26T09:12:33","modified_gmt":"2015-11-26T07:12:33","slug":"proteger-les-droits-des-personnes-les-plus-pauvres-dans-lunion-europeenne","status":"publish","type":"post","link":"https:\/\/blogs.atd-quartmonde.org\/humanrights\/2014\/05\/19\/proteger-les-droits-des-personnes-les-plus-pauvres-dans-lunion-europeenne\/","title":{"rendered":"Prot\u00e9ger les droits des personnes les plus pauvres dans l&rsquo;Union Europ\u00e9enne"},"content":{"rendered":"<p style=\"text-align: right;\"><span style=\"font-size: 10pt;\"><a href=\"http:\/\/www.cncdh.fr\/fr\/publications\/proteger-les-droits-des-personnes-les-plus-pauvres-dans-lunion-europeenne\" target=\"_blank\">CNCDH<\/a><\/span><\/p>\n<p>(&#8230;) Le lundi 28 mars 2011, la Commission nationale consultative des droits de l\u2019homme et le Mouvement international ATD Quart Monde (Agir Tous pour la Dignit\u00e9-Quart Monde)\u00a0 ont organis\u00e9 une journ\u00e9e de travail portant sur la question suivante :\u00a0 \u201cComment am\u00e9liorer la protection des droits fondamentaux des personnes vivant dans l\u2019extr\u00eame pauvret\u00e9 au sein de l\u2019Union europ\u00e9enne ?\u201d Les 40 participants ont examin\u00e9 concr\u00e8tement les moyens et les instruments que les diff\u00e9rents acteurs de l\u2019Union europ\u00e9enne pourraient mobiliser, en lien avec les travaux des Nations Unies et du Conseil de l\u2019Europe. (&#8230;)<\/p>\n<p>(&#8230;) The French Human Rights Commission (CNCDH) and the International Movement ATD Fourth World (All Together for Dignity-Fourth World) organised March 28, 2011 a one-day workshop on the following topic: \u201cHow to better protect the fundamental rights of those living in extreme poverty within the European Union?\u201d. The 40 people attending the event carried out a practical examination of resources<br \/>\nand instruments available to EU agencies and organisations for use in connection with the activities of the United Nations and the Council of Europe. (&#8230;)<\/p>\n<p><a href=\"https:\/\/blogs.atd-quartmonde.org\/humanrights\/wp-content\/uploads\/sites\/4\/2014\/05\/Proteger-les-droits-des-plus-pauvres-dans-UE.pdf\">Proteger les droits des plus pauvres dans UE<\/a> (pdf ; fran\u00e7ais \/ english)<\/p>\n<p><strong><em><a href=\"http:\/\/atd-quartmonde.org\/proteger-les-droits-des-personnes\/\" target=\"_blank\">Prot\u00e9ger les droits des personnes les plus pauvres dans l\u2019Union europ\u00e9enne<\/a><\/em><\/strong> (Mouvement International ATD Quart Monde)<br \/>\n<span style=\"font-size: 10pt;\">Commission nationale consultative des droits de l\u2019homme\/Mouvement international ATD Quart Monde<\/span><\/p>\n<p><span style=\"font-size: 10pt;\">(<a href=\"http:\/\/atd-quartmonde.org\/wp-content\/uploads\/2015\/07\/CNCDH_Brochure_LIEN_ACTIFS.pdf\" target=\"_blank\">Lien direct t\u00e9l\u00e9chargement<\/a> ; pdf)<\/span><\/p>\n","protected":false},"excerpt":{"rendered":"<p>CNCDH (&#8230;) Le lundi 28 mars 2011, la Commission nationale consultative des droits de l\u2019homme et le Mouvement international ATD Quart Monde (Agir Tous pour la Dignit\u00e9-Quart Monde)\u00a0 ont organis\u00e9 une journ\u00e9e de travail portant sur la question suivante :\u00a0 &hellip; <a href=\"https:\/\/blogs.atd-quartmonde.org\/humanrights\/2014\/05\/19\/proteger-les-droits-des-personnes-les-plus-pauvres-dans-lunion-europeenne\/\">Continuer la lecture <span class=\"meta-nav\">&rarr;<\/span><\/a><\/p>\n","protected":false},"author":2,"featured_media":0,"comment_status":"open","ping_status":"open","sticky":false,"template":"","format":"standard","meta":{"footnotes":""},"categories":[65,64,29],"tags":[61,60,39,62],"class_list":["post-67","post","type-post","status-publish","format-standard","hentry","category-english","category-francais","category-reflexions","tag-cncdh","tag-europe","tag-france","tag-seminaire"],"_links":{"self":[{"href":"https:\/\/blogs.atd-quartmonde.org\/humanrights\/wp-json\/wp\/v2\/posts\/67","targetHints":{"allow":["GET"]}}],"collection":[{"href":"https:\/\/blogs.atd-quartmonde.org\/humanrights\/wp-json\/wp\/v2\/posts"}],"about":[{"href":"https:\/\/blogs.atd-quartmonde.org\/humanrights\/wp-json\/wp\/v2\/types\/post"}],"author":[{"embeddable":true,"href":"https:\/\/blogs.atd-quartmonde.org\/humanrights\/wp-json\/wp\/v2\/users\/2"}],"replies":[{"embeddable":true,"href":"https:\/\/blogs.atd-quartmonde.org\/humanrights\/wp-json\/wp\/v2\/comments?post=67"}],"version-history":[{"count":5,"href":"https:\/\/blogs.atd-quartmonde.org\/humanrights\/wp-json\/wp\/v2\/posts\/67\/revisions"}],"predecessor-version":[{"id":333,"href":"https:\/\/blogs.atd-quartmonde.org\/humanrights\/wp-json\/wp\/v2\/posts\/67\/revisions\/333"}],"wp:attachment":[{"href":"https:\/\/blogs.atd-quartmonde.org\/humanrights\/wp-json\/wp\/v2\/media?parent=67"}],"wp:term":[{"taxonomy":"category","embeddable":true,"href":"https:\/\/blogs.atd-quartmonde.org\/humanrights\/wp-json\/wp\/v2\/categories?post=67"},{"taxonomy":"post_tag","embeddable":true,"href":"https:\/\/blogs.atd-quartmonde.org\/humanrights\/wp-json\/wp\/v2\/tags?post=67"}],"curies":[{"name":"wp","href":"https:\/\/api.w.org\/{rel}","templated":true}]}}