{"id":748,"date":"2021-07-08T10:34:11","date_gmt":"2021-07-08T08:34:11","guid":{"rendered":"https:\/\/blogs.atd-quartmonde.org\/humanrights\/?p=748"},"modified":"2021-07-08T10:34:11","modified_gmt":"2021-07-08T08:34:11","slug":"lhostilite-envers-les-pauvres-aporofobia-ou-pauvrophobie-et-lexclusion-sociale-sont-reprimees-penalement-en-espagne","status":"publish","type":"post","link":"https:\/\/blogs.atd-quartmonde.org\/humanrights\/2021\/07\/08\/lhostilite-envers-les-pauvres-aporofobia-ou-pauvrophobie-et-lexclusion-sociale-sont-reprimees-penalement-en-espagne\/","title":{"rendered":"L&rsquo;hostilit\u00e9 envers les pauvres (\u00ab aporofobia \u00bb ou pauvrophobie) et l&rsquo;exclusion sociale sont r\u00e9prim\u00e9es p\u00e9nalement en Espagne."},"content":{"rendered":"<p>En Espagne, l&rsquo;hostilit\u00e9 envers les pauvres (\u00ab aporofobia \u00bb ou pauvrophobie) et l&rsquo;exclusion sociale sont sanctionn\u00e9es p\u00e9nalement par la loi 8\/2021 du 4 juin, publi\u00e9e le 5 juin au B.O.E. et entr\u00e9e en vigueur le 25 juin<em>.<\/em><\/p>\n<p>Le pr\u00e9ambule de cette loi se r\u00e9f\u00e8re \u00e0 l&rsquo;art. 21 de la Charte des droits fondamentaux de l&rsquo;U.E. Cet article interdit toute discrimination fond\u00e9e notamment sur \u00ab\u00a0les origines sociales\u00a0\u00bb, \u00e0 l\u2019instar de l&rsquo;art. 14 de la C.E.D.H.<\/p>\n<p>Le comportement incrimin\u00e9 implique le rejet, l&rsquo;aversion ou le m\u00e9pris des pauvres<a href=\"#_ftn1\" name=\"_ftnref1\">[1]<\/a>, pr\u00e9cise le pr\u00e9ambule.<\/p>\n<p>L&rsquo;insertion dans le code p\u00e9nal se fait dans 4 articles portant respectivement sur la d\u00e9finition des circonstances aggravantes, l&#8217;emploi priv\u00e9 ou public, l&rsquo;exercice des activit\u00e9s professionnelles et les associations.<\/p>\n<p>Les circonstances aggravantes couvrent l&rsquo;hostilit\u00e9 envers les pauvres ou l&rsquo;exclusion sociale, qu&rsquo;elles co\u00efncident r\u00e9ellement ou non dans la victime<a href=\"#_ftn2\" name=\"_ftnref2\">[2]<\/a> (art. 22, \u00a7 4). En d&rsquo;autres termes, il y a circonstance aggravante, qu&rsquo;il y ait ou non une victime identifi\u00e9e.<\/p>\n<p>Pour l&#8217;emploi public ou priv\u00e9, en cas de discrimination grave, sont pr\u00e9vues des peines de prison (6 mois \u00e0 2 ans) ou des amendes si la situation d&rsquo;avant n&rsquo;est pas r\u00e9tablie (art. 314). Exemple donn\u00e9 par la presse sp\u00e9cialis\u00e9e\u00a0: refuser l&rsquo;acc\u00e8s \u00e0 un service m\u00e9dical ou \u00e0 un bar.<\/p>\n<p>Des peines similaires sont pr\u00e9vues pour celui qui charg\u00e9 d&rsquo;un service public refuse \u00e0 une personne une prestation \u00e0 laquelle elle a droit ainsi que lorsque ces faits d\u00e9lictueux sont commis contre une association ou ses membres (art. 511, \u00a7 1 et 2). Pour les fonctionnaires publics, les m\u00eames peines sont pr\u00e9vues mais dans leur moiti\u00e9 sup\u00e9rieure et avec une interdiction d&rsquo;exercer de 2 \u00e0 4 ans (\u00a7 3). Cette interdiction sera de 1 \u00e0 3 ans pour les \u00e9ducateurs et enseignants, proportionnellement \u00e0 la gravit\u00e9 du d\u00e9lit et aux circonstances (\u00a7 4).<\/p>\n<p>Une interdiction d&rsquo;exercer de 1 \u00e0 4 ans peut \u00eatre aussi inflig\u00e9e \u00e0 ceux qui, dans l&rsquo;exercice de leurs activit\u00e9s professionnelles ou patronales, y compris dans le domaine \u00e9ducatif, refusent une prestation \u00e0 une personne qui y a droit (art. 512).<\/p>\n<p>Sont punissables aussi les associations qui fomentent, promeuvent ou incitent directement ou indirectement \u00e0 la haine, l&rsquo;hostilit\u00e9, la discrimination ou la violence contre les personnes, groupes ou associations pour ces raisons (art. 515).<\/p>\n<p>En conclusion, il s&rsquo;agit d&rsquo;un arsenal l\u00e9gislatif susceptible de dissuader les comportements qui \u00e9cartent les pauvres injustement.<\/p>\n<p><a href=\"#_ftnref1\" name=\"_ftn1\">[1]<\/a>\u00a0\u00a0\u00a0\u00a0\u00a0\u00a0\u00a0\u00a0\u00a0\u00a0\u00a0\u00a0 \u00ab\u00a0la actuaci\u00f3n delictiva subyace el rechazo, aversi\u00f3n o desprecio a las personas pobres\u00a0\u00bb.<\/p>\n<p><a href=\"#_ftnref2\" name=\"_ftn2\">[2]<\/a>\u00a0\u00a0\u00a0\u00a0\u00a0\u00a0\u00a0\u00a0\u00a0\u00a0\u00a0\u00a0 Se modifica la circunstancia 4.\u00aa del art\u00edculo <strong>22\u00a0 (circunstancia agravante) <\/strong>, que queda redactada como sigue:<\/p>\n<p>\u00ab4.\u00aa Cometer el delito por motivos racistas, antisemitas u otra clase de discriminaci\u00f3n referente a la ideolog\u00eda, religi\u00f3n o creencias de la v\u00edctima, la etnia, raza o naci\u00f3n a la que pertenezca, su sexo, edad, orientaci\u00f3n o identidad sexual o de g\u00e9nero, razones de g\u00e9nero, de <strong>aporofobia<\/strong> <strong>o de exclusi\u00f3n social<\/strong>, la enfermedad que padezca o su discapacidad, <strong>con independencia de que<\/strong> tales condiciones o circunstancias concurran efectivamente en la persona sobre la que recaiga la conducta.\u00bb<\/p>\n<p>&nbsp;<\/p>\n<p style=\"text-align: right\">Jean-Marie Vis\u00e9e<\/p>\n<p style=\"text-align: right\">Membre du Comit\u00e9 juridique europ\u00e9en<\/p>\n<p style=\"text-align: right\">d\u2019ATD Quart Monde<\/p>\n<p><a href=\"#_ftnref1\" name=\"_ftn1\"><\/a><\/p>\n","protected":false},"excerpt":{"rendered":"<p>En Espagne, l&rsquo;hostilit\u00e9 envers les pauvres (\u00ab aporofobia \u00bb ou pauvrophobie) et l&rsquo;exclusion sociale sont sanctionn\u00e9es p\u00e9nalement par la loi 8\/2021 du 4 juin, publi\u00e9e le 5 juin au B.O.E. et entr\u00e9e en vigueur le 25 juin. Le pr\u00e9ambule de &hellip; <a href=\"https:\/\/blogs.atd-quartmonde.org\/humanrights\/2021\/07\/08\/lhostilite-envers-les-pauvres-aporofobia-ou-pauvrophobie-et-lexclusion-sociale-sont-reprimees-penalement-en-espagne\/\">Continuer la lecture <span class=\"meta-nav\">&rarr;<\/span><\/a><\/p>\n","protected":false},"author":37,"featured_media":0,"comment_status":"open","ping_status":"open","sticky":false,"template":"","format":"standard","meta":{"footnotes":""},"categories":[181,36,202,198,64],"tags":[199,201,200],"class_list":["post-748","post","type-post","status-publish","format-standard","hentry","category-actualites-nationales","category-decisions-nationales-juridictionnelles-ou-non","category-discrimination-decisions-nationales-juridictionnelles-ou-non","category-espagne","category-francais","tag-droit-penal","tag-espagne","tag-pauvrophobie"],"_links":{"self":[{"href":"https:\/\/blogs.atd-quartmonde.org\/humanrights\/wp-json\/wp\/v2\/posts\/748","targetHints":{"allow":["GET"]}}],"collection":[{"href":"https:\/\/blogs.atd-quartmonde.org\/humanrights\/wp-json\/wp\/v2\/posts"}],"about":[{"href":"https:\/\/blogs.atd-quartmonde.org\/humanrights\/wp-json\/wp\/v2\/types\/post"}],"author":[{"embeddable":true,"href":"https:\/\/blogs.atd-quartmonde.org\/humanrights\/wp-json\/wp\/v2\/users\/37"}],"replies":[{"embeddable":true,"href":"https:\/\/blogs.atd-quartmonde.org\/humanrights\/wp-json\/wp\/v2\/comments?post=748"}],"version-history":[{"count":3,"href":"https:\/\/blogs.atd-quartmonde.org\/humanrights\/wp-json\/wp\/v2\/posts\/748\/revisions"}],"predecessor-version":[{"id":751,"href":"https:\/\/blogs.atd-quartmonde.org\/humanrights\/wp-json\/wp\/v2\/posts\/748\/revisions\/751"}],"wp:attachment":[{"href":"https:\/\/blogs.atd-quartmonde.org\/humanrights\/wp-json\/wp\/v2\/media?parent=748"}],"wp:term":[{"taxonomy":"category","embeddable":true,"href":"https:\/\/blogs.atd-quartmonde.org\/humanrights\/wp-json\/wp\/v2\/categories?post=748"},{"taxonomy":"post_tag","embeddable":true,"href":"https:\/\/blogs.atd-quartmonde.org\/humanrights\/wp-json\/wp\/v2\/tags?post=748"}],"curies":[{"name":"wp","href":"https:\/\/api.w.org\/{rel}","templated":true}]}}